{"id":6700,"date":"2025-05-03T09:00:00","date_gmt":"2025-05-03T14:00:00","guid":{"rendered":"https:\/\/glambeautyacademytx.com\/formacion-profesional-de-esteticistas-conviertete-en-especialista-del-cuidado-de-la-piel\/"},"modified":"2026-08-07T14:02:13","modified_gmt":"2026-08-07T19:02:13","slug":"formacion-profesional-de-esteticistas-conviertete-en-especialista-del-cuidado-de-la-piel","status":"publish","type":"post","link":"https:\/\/glambeautyacademytx.com\/es\/formacion-profesional-de-esteticistas-conviertete-en-especialista-del-cuidado-de-la-piel\/","title":{"rendered":"Formaci\u00f3n profesional de esteticistas: convi\u00e9rtete en especialista del cuidado de la piel"},"content":{"rendered":"<p>La <strong>formaci\u00f3n profesional como esteticista<\/strong> es el primer paso para quienes desean desarrollar una carrera en el mundo del cuidado de la piel, el bienestar y la belleza. Esta profesi\u00f3n no solo est\u00e1 en crecimiento, sino que tambi\u00e9n ofrece oportunidades reales de desarrollo personal, profesional y financiero. En <strong>GLAM Beauty Academy,<\/strong> te preparamos con las herramientas, los conocimientos y la experiencia necesarios para convertirte en esteticista con licencia y ejercer profesionalmente en el estado de Texas.<\/p>\n<h2>\u00bfQu\u00e9 es un esteticista y qu\u00e9 hace?<\/h2>\n<p>Un esteticista es un profesional especializado en la salud y apariencia de la piel. Su trabajo incluye:<\/p>\n<ul>\n<li>Limpiezas faciales profundas y tratamientos personalizados.<\/li>\n<li>Exfoliaciones, mascarillas y uso de cosm\u00e9ticos profesionales.<\/li>\n<li>Masajes faciales y corporales relajantes.<\/li>\n<li>Cuidado y dise\u00f1o de cejas, pesta\u00f1as y rostro.<\/li>\n<li>Asesor\u00eda sobre rutinas de cuidado y productos adecuados.<\/li>\n<li>Aplicaci\u00f3n de tratamientos para mejorar la textura, hidrataci\u00f3n y luminosidad de la piel.<\/li>\n<\/ul>\n<h2>\u00bfPor qu\u00e9 elegir una formaci\u00f3n profesional como esteticista?<\/h2>\n<p>Convertirse en esteticista es mucho m\u00e1s que aprender a realizar tratamientos faciales. Se trata de adquirir los conocimientos cient\u00edficos, t\u00e9cnicos y pr\u00e1cticos necesarios para tratar diferentes tipos de piel, identificar necesidades espec\u00edficas y aplicar tratamientos seguros y efectivos. Adem\u00e1s, contar con una <strong>licencia profesional de esteticista en el estado de Texas<\/strong> te permite ejercer legalmente y acceder a mejores oportunidades laborales.<\/p>\n<h2>\u00bfD\u00f3nde puedo estudiar para ser esteticista profesional en West Texas?<\/h2>\n<p><strong><a href=\"https:\/\/glambeautyacademytx.com\/es\/\">GLAM Beauty Academy<\/a><\/strong> ofrece un <strong><a href=\"https:\/\/glambeautyacademytx.com\/es\/programas\/estetica\/\">programa de formaci\u00f3n profesional en est\u00e9tica en espa\u00f1ol<\/a><\/strong> dise\u00f1ado para mujeres y hombres que desean convertir su pasi\u00f3n en una profesi\u00f3n. Nuestro programa de est\u00e9tica combina:<\/p>\n<ul>\n<li>Clases te\u00f3ricas y pr\u00e1cticas.<\/li>\n<li>Demostraciones en vivo.<\/li>\n<li>Proyectos a tu propio ritmo.<\/li>\n<li>Simulaciones de ex\u00e1menes.<\/li>\n<li>Apoyo personalizado.<\/li>\n<\/ul>\n<h2>\u00bfQu\u00e9 incluye el programa de esteticista de GLAM Beauty Academy?<\/h2>\n<ul>\n<li>Anatom\u00eda y fisiolog\u00eda de la piel.<\/li>\n<li>Higiene, bioseguridad y regulaciones estatales.<\/li>\n<li>Limpiezas faciales y tratamientos personalizados.<\/li>\n<li>Aplicaci\u00f3n de mascarillas, sueros y cosm\u00e9ticos.<\/li>\n<li>Exfoliaciones mec\u00e1nicas y qu\u00edmicas.<\/li>\n<li>Masajes est\u00e9ticos.<\/li>\n<li>T\u00e9cnicas de extracci\u00f3n.<\/li>\n<li>Cuidado de cejas y pesta\u00f1as.<\/li>\n<li>\u00c9tica profesional y atenci\u00f3n al cliente.<\/li>\n<\/ul>\n<h2>\u00bfC\u00f3mo obtener la licencia de esteticista en Odessa o Midland?<\/h2>\n<p>Una vez que completes el programa, deber\u00e1s presentar y aprobar los ex\u00e1menes pr\u00e1ctico y escrito administrados por <strong>PSI<\/strong>, el proveedor oficial de evaluaciones del estado. Despu\u00e9s de aprobar estos ex\u00e1menes, el <strong>TDLR (Texas Department of Licensing and Regulation)<\/strong> emitir\u00e1 tu licencia profesional de esteticista, lo que te permitir\u00e1 comenzar a trabajar inmediatamente.<\/p>\n<h2>Beneficios de estudiar el programa profesional de est\u00e9tica en GLAM Beauty Academy<\/h2>\n<ul>\n<li>Formaci\u00f3n en espa\u00f1ol, dise\u00f1ada para la comunidad latina.<\/li>\n<li>Materiales educativos actualizados disponibles en tu idioma.<\/li>\n<li>Opciones de financiamiento accesibles.<\/li>\n<li>Horarios flexibles que se adaptan a ti.<\/li>\n<li>Servicios reales bajo supervisi\u00f3n profesional.<\/li>\n<li>Alta tasa de aprobaci\u00f3n en los ex\u00e1menes.<\/li>\n<li>Preparaci\u00f3n integral para ejercer profesionalmente o iniciar tu propio negocio.<\/li>\n<\/ul>\n<h2>\u00bfD\u00f3nde puedes trabajar como esteticista profesional en West Texas?<\/h2>\n<p>Una vez que obtengas tu licencia, podr\u00e1s trabajar en:<\/p>\n<ul>\n<li>Spas y centros de belleza.<\/li>\n<li>Cl\u00ednicas dermatol\u00f3gicas y de cuidado de la piel.<\/li>\n<li>Salones de belleza.<\/li>\n<li>Empresas de cosm\u00e9ticos y productos faciales.<\/li>\n<li>Como emprendedor con tu propio negocio.<\/li>\n<\/ul>\n<h2>Da el siguiente paso en tu carrera con GLAM Beauty Academy<\/h2>\n<p>La <strong>formaci\u00f3n profesional como esteticista<\/strong> es una inversi\u00f3n en ti, en tu futuro y en una industria que crece cada d\u00eda. Si siempre has querido trabajar en el mundo de la belleza y ayudar a otras personas a verse y sentirse mejor, esta es tu oportunidad. En <strong><a href=\"https:\/\/glambeautyacademytx.com\/es\/\">GLAM Beauty Academy,<\/a><\/strong> te brindamos la formaci\u00f3n, la confianza y el apoyo que necesitas para convertir tu pasi\u00f3n en una profesi\u00f3n. <strong><a href=\"https:\/\/glambeautyacademytx.com\/es\/proceso-de-admision\/\">Solicita informaci\u00f3n hoy mismo<\/a><\/strong> y comienza tu camino para convertirte en esteticista profesional.<\/p>\n","protected":false},"excerpt":{"rendered":"<p>La formaci\u00f3n profesional como esteticista es el primer paso para&hellip;<\/p>\n","protected":false},"author":2,"featured_media":6701,"comment_status":"closed","ping_status":"open","sticky":false,"template":"","format":"standard","meta":{"_joinchat":[],"footnotes":""},"categories":[60],"tags":[],"class_list":["post-6700","post","type-post","status-publish","format-standard","has-post-thumbnail","hentry","category-estetica"],"yoast_head":"<!-- This site is optimized with the Yoast SEO plugin v28.4 - https:\/\/yoast.com\/product\/yoast-seo-wordpress\/ -->\n<title>Formaci\u00f3n profesional de esteticistas en West Texas<\/title>\n<meta name=\"description\" content=\"La formaci\u00f3n profesional de esteticistas es el primer paso para quienes desean desarrollar una carrera en el mundo del cuidado de la piel, el bienestar y la belleza.\" \/>\n<meta name=\"robots\" content=\"index, follow, max-snippet:-1, max-image-preview:large, max-video-preview:-1\" \/>\n<link rel=\"canonical\" href=\"https:\/\/glambeautyacademytx.com\/es\/formacion-profesional-de-esteticistas-conviertete-en-especialista-del-cuidado-de-la-piel\/\" \/>\n<meta property=\"og:locale\" content=\"es_ES\" \/>\n<meta property=\"og:type\" content=\"article\" \/>\n<meta property=\"og:title\" content=\"Formaci\u00f3n profesional de esteticistas en West Texas\" \/>\n<meta property=\"og:description\" content=\"La formaci\u00f3n profesional de esteticistas es el primer paso para quienes desean desarrollar una carrera en el mundo del cuidado de la piel, el bienestar y la belleza.\" \/>\n<meta property=\"og:url\" content=\"https:\/\/glambeautyacademytx.com\/es\/formacion-profesional-de-esteticistas-conviertete-en-especialista-del-cuidado-de-la-piel\/\" \/>\n<meta property=\"og:site_name\" content=\"GLAM Beauty Academy\" \/>\n<meta property=\"article:publisher\" content=\"https:\/\/www.facebook.com\/GlamBeautyAcademyTX\" \/>\n<meta property=\"article:published_time\" content=\"2025-05-03T14:00:00+00:00\" \/>\n<meta property=\"article:modified_time\" content=\"2026-08-07T19:02:13+00:00\" \/>\n<meta property=\"og:image\" content=\"https:\/\/glambeautyacademytx.com\/wp-content\/uploads\/2020\/06\/Formacion-profesional-de-esteticistas-conviertete-en-especialista-del-cuidado-de-la-piel.jpg\" \/>\n\t<meta property=\"og:image:width\" content=\"1200\" \/>\n\t<meta property=\"og:image:height\" content=\"675\" \/>\n\t<meta property=\"og:image:type\" content=\"image\/jpeg\" \/>\n<meta name=\"author\" content=\"GLAM Beauty Academy\" \/>\n<meta name=\"twitter:card\" content=\"summary_large_image\" \/>\n<meta name=\"twitter:label1\" content=\"Escrito por\" \/>\n\t<meta name=\"twitter:data1\" content=\"GLAM Beauty Academy\" \/>\n\t<meta name=\"twitter:label2\" content=\"Tiempo de lectura\" \/>\n\t<meta name=\"twitter:data2\" content=\"1 minuto\" \/>\n<script type=\"application\/ld+json\" class=\"yoast-schema-graph\">{\"@context\":\"https:\\\/\\\/schema.org\",\"@graph\":[{\"@type\":\"Article\",\"@id\":\"https:\\\/\\\/glambeautyacademytx.com\\\/es\\\/formacion-profesional-de-esteticistas-conviertete-en-especialista-del-cuidado-de-la-piel\\\/#article\",\"isPartOf\":{\"@id\":\"https:\\\/\\\/glambeautyacademytx.com\\\/es\\\/formacion-profesional-de-esteticistas-conviertete-en-especialista-del-cuidado-de-la-piel\\\/\"},\"author\":{\"name\":\"GLAM Beauty Academy\",\"@id\":\"https:\\\/\\\/glambeautyacademytx.com\\\/#\\\/schema\\\/person\\\/038bf22e90d7e00f8afbdf64a044a950\"},\"headline\":\"Formaci\u00f3n profesional de esteticistas: convi\u00e9rtete en especialista del cuidado de la piel\",\"datePublished\":\"2025-05-03T14:00:00+00:00\",\"dateModified\":\"2026-08-07T19:02:13+00:00\",\"mainEntityOfPage\":{\"@id\":\"https:\\\/\\\/glambeautyacademytx.com\\\/es\\\/formacion-profesional-de-esteticistas-conviertete-en-especialista-del-cuidado-de-la-piel\\\/\"},\"wordCount\":664,\"publisher\":{\"@id\":\"https:\\\/\\\/glambeautyacademytx.com\\\/#organization\"},\"image\":{\"@id\":\"https:\\\/\\\/glambeautyacademytx.com\\\/es\\\/formacion-profesional-de-esteticistas-conviertete-en-especialista-del-cuidado-de-la-piel\\\/#primaryimage\"},\"thumbnailUrl\":\"https:\\\/\\\/glambeautyacademytx.com\\\/wp-content\\\/uploads\\\/2020\\\/06\\\/Formacion-profesional-de-esteticistas-conviertete-en-especialista-del-cuidado-de-la-piel.jpg\",\"articleSection\":[\"Esthetician\"],\"inLanguage\":\"es\"},{\"@type\":\"WebPage\",\"@id\":\"https:\\\/\\\/glambeautyacademytx.com\\\/es\\\/formacion-profesional-de-esteticistas-conviertete-en-especialista-del-cuidado-de-la-piel\\\/\",\"url\":\"https:\\\/\\\/glambeautyacademytx.com\\\/es\\\/formacion-profesional-de-esteticistas-conviertete-en-especialista-del-cuidado-de-la-piel\\\/\",\"name\":\"Formaci\u00f3n profesional de esteticistas en West Texas\",\"isPartOf\":{\"@id\":\"https:\\\/\\\/glambeautyacademytx.com\\\/#website\"},\"primaryImageOfPage\":{\"@id\":\"https:\\\/\\\/glambeautyacademytx.com\\\/es\\\/formacion-profesional-de-esteticistas-conviertete-en-especialista-del-cuidado-de-la-piel\\\/#primaryimage\"},\"image\":{\"@id\":\"https:\\\/\\\/glambeautyacademytx.com\\\/es\\\/formacion-profesional-de-esteticistas-conviertete-en-especialista-del-cuidado-de-la-piel\\\/#primaryimage\"},\"thumbnailUrl\":\"https:\\\/\\\/glambeautyacademytx.com\\\/wp-content\\\/uploads\\\/2020\\\/06\\\/Formacion-profesional-de-esteticistas-conviertete-en-especialista-del-cuidado-de-la-piel.jpg\",\"datePublished\":\"2025-05-03T14:00:00+00:00\",\"dateModified\":\"2026-08-07T19:02:13+00:00\",\"description\":\"La formaci\u00f3n profesional de esteticistas es el primer paso para quienes desean desarrollar una carrera en el mundo del cuidado de la piel, el bienestar y la belleza.\",\"breadcrumb\":{\"@id\":\"https:\\\/\\\/glambeautyacademytx.com\\\/es\\\/formacion-profesional-de-esteticistas-conviertete-en-especialista-del-cuidado-de-la-piel\\\/#breadcrumb\"},\"inLanguage\":\"es\",\"potentialAction\":[{\"@type\":\"ReadAction\",\"target\":[\"https:\\\/\\\/glambeautyacademytx.com\\\/es\\\/formacion-profesional-de-esteticistas-conviertete-en-especialista-del-cuidado-de-la-piel\\\/\"]}]},{\"@type\":\"ImageObject\",\"inLanguage\":\"es\",\"@id\":\"https:\\\/\\\/glambeautyacademytx.com\\\/es\\\/formacion-profesional-de-esteticistas-conviertete-en-especialista-del-cuidado-de-la-piel\\\/#primaryimage\",\"url\":\"https:\\\/\\\/glambeautyacademytx.com\\\/wp-content\\\/uploads\\\/2020\\\/06\\\/Formacion-profesional-de-esteticistas-conviertete-en-especialista-del-cuidado-de-la-piel.jpg\",\"contentUrl\":\"https:\\\/\\\/glambeautyacademytx.com\\\/wp-content\\\/uploads\\\/2020\\\/06\\\/Formacion-profesional-de-esteticistas-conviertete-en-especialista-del-cuidado-de-la-piel.jpg\",\"width\":1200,\"height\":675,\"caption\":\"Formaci\u00f3n profesional de esteticistas: convi\u00e9rtete en especialista del cuidado de la piel\"},{\"@type\":\"BreadcrumbList\",\"@id\":\"https:\\\/\\\/glambeautyacademytx.com\\\/es\\\/formacion-profesional-de-esteticistas-conviertete-en-especialista-del-cuidado-de-la-piel\\\/#breadcrumb\",\"itemListElement\":[{\"@type\":\"ListItem\",\"position\":1,\"name\":\"Inicio\",\"item\":\"https:\\\/\\\/glambeautyacademytx.com\\\/es\\\/\"},{\"@type\":\"ListItem\",\"position\":2,\"name\":\"Formaci\u00f3n profesional de esteticistas: convi\u00e9rtete en especialista del cuidado de la piel\"}]},{\"@type\":\"WebSite\",\"@id\":\"https:\\\/\\\/glambeautyacademytx.com\\\/#website\",\"url\":\"https:\\\/\\\/glambeautyacademytx.com\\\/\",\"name\":\"GLAM Beauty Academy\",\"description\":\"Academia de belleza en West Texas\",\"publisher\":{\"@id\":\"https:\\\/\\\/glambeautyacademytx.com\\\/#organization\"},\"alternateName\":\"GLAM Beauty Academy\",\"potentialAction\":[{\"@type\":\"SearchAction\",\"target\":{\"@type\":\"EntryPoint\",\"urlTemplate\":\"https:\\\/\\\/glambeautyacademytx.com\\\/?s={search_term_string}\"},\"query-input\":{\"@type\":\"PropertyValueSpecification\",\"valueRequired\":true,\"valueName\":\"search_term_string\"}}],\"inLanguage\":\"es\"},{\"@type\":\"Organization\",\"@id\":\"https:\\\/\\\/glambeautyacademytx.com\\\/#organization\",\"name\":\"GLAM Beauty Academy\",\"alternateName\":\"GLAM Beauty Academy\",\"url\":\"https:\\\/\\\/glambeautyacademytx.com\\\/\",\"logo\":{\"@type\":\"ImageObject\",\"inLanguage\":\"es\",\"@id\":\"https:\\\/\\\/glambeautyacademytx.com\\\/#\\\/schema\\\/logo\\\/image\\\/\",\"url\":\"https:\\\/\\\/glambeautyacademytx.com\\\/wp-content\\\/uploads\\\/2025\\\/05\\\/logo-glam-color-2025.png\",\"contentUrl\":\"https:\\\/\\\/glambeautyacademytx.com\\\/wp-content\\\/uploads\\\/2025\\\/05\\\/logo-glam-color-2025.png\",\"width\":2000,\"height\":882,\"caption\":\"GLAM Beauty Academy\"},\"image\":{\"@id\":\"https:\\\/\\\/glambeautyacademytx.com\\\/#\\\/schema\\\/logo\\\/image\\\/\"},\"sameAs\":[\"https:\\\/\\\/www.facebook.com\\\/GlamBeautyAcademyTX\",\"https:\\\/\\\/www.tiktok.com\\\/@glambacademy_tx\",\"https:\\\/\\\/www.instagram.com\\\/glambeautyacademy_tx\\\/\"]},{\"@type\":\"Person\",\"@id\":\"https:\\\/\\\/glambeautyacademytx.com\\\/#\\\/schema\\\/person\\\/038bf22e90d7e00f8afbdf64a044a950\",\"name\":\"GLAM Beauty Academy\",\"image\":{\"@type\":\"ImageObject\",\"inLanguage\":\"es\",\"@id\":\"https:\\\/\\\/glambeautyacademytx.com\\\/wp-content\\\/litespeed\\\/avatar\\\/afd1271de98d41bda6dfb8f148e94e42.jpg?ver=1788459703\",\"url\":\"https:\\\/\\\/glambeautyacademytx.com\\\/wp-content\\\/litespeed\\\/avatar\\\/afd1271de98d41bda6dfb8f148e94e42.jpg?ver=1788459703\",\"contentUrl\":\"https:\\\/\\\/glambeautyacademytx.com\\\/wp-content\\\/litespeed\\\/avatar\\\/afd1271de98d41bda6dfb8f148e94e42.jpg?ver=1788459703\",\"caption\":\"GLAM Beauty Academy\"},\"sameAs\":[\"https:\\\/\\\/glambeautyacademytx.com\"]}]}<\/script>\n<!-- \/ Yoast SEO plugin. -->","yoast_head_json":{"title":"Formaci\u00f3n profesional de esteticistas en West Texas","description":"La formaci\u00f3n profesional de esteticistas es el primer paso para quienes desean desarrollar una carrera en el mundo del cuidado de la piel, el bienestar y la belleza.","robots":{"index":"index","follow":"follow","max-snippet":"max-snippet:-1","max-image-preview":"max-image-preview:large","max-video-preview":"max-video-preview:-1"},"canonical":"https:\/\/glambeautyacademytx.com\/es\/formacion-profesional-de-esteticistas-conviertete-en-especialista-del-cuidado-de-la-piel\/","og_locale":"es_ES","og_type":"article","og_title":"Formaci\u00f3n profesional de esteticistas en West Texas","og_description":"La formaci\u00f3n profesional de esteticistas es el primer paso para quienes desean desarrollar una carrera en el mundo del cuidado de la piel, el bienestar y la belleza.","og_url":"https:\/\/glambeautyacademytx.com\/es\/formacion-profesional-de-esteticistas-conviertete-en-especialista-del-cuidado-de-la-piel\/","og_site_name":"GLAM Beauty Academy","article_publisher":"https:\/\/www.facebook.com\/GlamBeautyAcademyTX","article_published_time":"2025-05-03T14:00:00+00:00","article_modified_time":"2026-08-07T19:02:13+00:00","og_image":[{"width":1200,"height":675,"url":"https:\/\/glambeautyacademytx.com\/wp-content\/uploads\/2020\/06\/Formacion-profesional-de-esteticistas-conviertete-en-especialista-del-cuidado-de-la-piel.jpg","type":"image\/jpeg"}],"author":"GLAM Beauty Academy","twitter_card":"summary_large_image","twitter_misc":{"Escrito por":"GLAM Beauty Academy","Tiempo de lectura":"1 minuto"},"schema":{"@context":"https:\/\/schema.org","@graph":[{"@type":"Article","@id":"https:\/\/glambeautyacademytx.com\/es\/formacion-profesional-de-esteticistas-conviertete-en-especialista-del-cuidado-de-la-piel\/#article","isPartOf":{"@id":"https:\/\/glambeautyacademytx.com\/es\/formacion-profesional-de-esteticistas-conviertete-en-especialista-del-cuidado-de-la-piel\/"},"author":{"name":"GLAM Beauty Academy","@id":"https:\/\/glambeautyacademytx.com\/#\/schema\/person\/038bf22e90d7e00f8afbdf64a044a950"},"headline":"Formaci\u00f3n profesional de esteticistas: convi\u00e9rtete en especialista del cuidado de la piel","datePublished":"2025-05-03T14:00:00+00:00","dateModified":"2026-08-07T19:02:13+00:00","mainEntityOfPage":{"@id":"https:\/\/glambeautyacademytx.com\/es\/formacion-profesional-de-esteticistas-conviertete-en-especialista-del-cuidado-de-la-piel\/"},"wordCount":664,"publisher":{"@id":"https:\/\/glambeautyacademytx.com\/#organization"},"image":{"@id":"https:\/\/glambeautyacademytx.com\/es\/formacion-profesional-de-esteticistas-conviertete-en-especialista-del-cuidado-de-la-piel\/#primaryimage"},"thumbnailUrl":"https:\/\/glambeautyacademytx.com\/wp-content\/uploads\/2020\/06\/Formacion-profesional-de-esteticistas-conviertete-en-especialista-del-cuidado-de-la-piel.jpg","articleSection":["Esthetician"],"inLanguage":"es"},{"@type":"WebPage","@id":"https:\/\/glambeautyacademytx.com\/es\/formacion-profesional-de-esteticistas-conviertete-en-especialista-del-cuidado-de-la-piel\/","url":"https:\/\/glambeautyacademytx.com\/es\/formacion-profesional-de-esteticistas-conviertete-en-especialista-del-cuidado-de-la-piel\/","name":"Formaci\u00f3n profesional de esteticistas en West Texas","isPartOf":{"@id":"https:\/\/glambeautyacademytx.com\/#website"},"primaryImageOfPage":{"@id":"https:\/\/glambeautyacademytx.com\/es\/formacion-profesional-de-esteticistas-conviertete-en-especialista-del-cuidado-de-la-piel\/#primaryimage"},"image":{"@id":"https:\/\/glambeautyacademytx.com\/es\/formacion-profesional-de-esteticistas-conviertete-en-especialista-del-cuidado-de-la-piel\/#primaryimage"},"thumbnailUrl":"https:\/\/glambeautyacademytx.com\/wp-content\/uploads\/2020\/06\/Formacion-profesional-de-esteticistas-conviertete-en-especialista-del-cuidado-de-la-piel.jpg","datePublished":"2025-05-03T14:00:00+00:00","dateModified":"2026-08-07T19:02:13+00:00","description":"La formaci\u00f3n profesional de esteticistas es el primer paso para quienes desean desarrollar una carrera en el mundo del cuidado de la piel, el bienestar y la belleza.","breadcrumb":{"@id":"https:\/\/glambeautyacademytx.com\/es\/formacion-profesional-de-esteticistas-conviertete-en-especialista-del-cuidado-de-la-piel\/#breadcrumb"},"inLanguage":"es","potentialAction":[{"@type":"ReadAction","target":["https:\/\/glambeautyacademytx.com\/es\/formacion-profesional-de-esteticistas-conviertete-en-especialista-del-cuidado-de-la-piel\/"]}]},{"@type":"ImageObject","inLanguage":"es","@id":"https:\/\/glambeautyacademytx.com\/es\/formacion-profesional-de-esteticistas-conviertete-en-especialista-del-cuidado-de-la-piel\/#primaryimage","url":"https:\/\/glambeautyacademytx.com\/wp-content\/uploads\/2020\/06\/Formacion-profesional-de-esteticistas-conviertete-en-especialista-del-cuidado-de-la-piel.jpg","contentUrl":"https:\/\/glambeautyacademytx.com\/wp-content\/uploads\/2020\/06\/Formacion-profesional-de-esteticistas-conviertete-en-especialista-del-cuidado-de-la-piel.jpg","width":1200,"height":675,"caption":"Formaci\u00f3n profesional de esteticistas: convi\u00e9rtete en especialista del cuidado de la piel"},{"@type":"BreadcrumbList","@id":"https:\/\/glambeautyacademytx.com\/es\/formacion-profesional-de-esteticistas-conviertete-en-especialista-del-cuidado-de-la-piel\/#breadcrumb","itemListElement":[{"@type":"ListItem","position":1,"name":"Inicio","item":"https:\/\/glambeautyacademytx.com\/es\/"},{"@type":"ListItem","position":2,"name":"Formaci\u00f3n profesional de esteticistas: convi\u00e9rtete en especialista del cuidado de la piel"}]},{"@type":"WebSite","@id":"https:\/\/glambeautyacademytx.com\/#website","url":"https:\/\/glambeautyacademytx.com\/","name":"GLAM Beauty Academy","description":"Academia de belleza en West Texas","publisher":{"@id":"https:\/\/glambeautyacademytx.com\/#organization"},"alternateName":"GLAM Beauty Academy","potentialAction":[{"@type":"SearchAction","target":{"@type":"EntryPoint","urlTemplate":"https:\/\/glambeautyacademytx.com\/?s={search_term_string}"},"query-input":{"@type":"PropertyValueSpecification","valueRequired":true,"valueName":"search_term_string"}}],"inLanguage":"es"},{"@type":"Organization","@id":"https:\/\/glambeautyacademytx.com\/#organization","name":"GLAM Beauty Academy","alternateName":"GLAM Beauty Academy","url":"https:\/\/glambeautyacademytx.com\/","logo":{"@type":"ImageObject","inLanguage":"es","@id":"https:\/\/glambeautyacademytx.com\/#\/schema\/logo\/image\/","url":"https:\/\/glambeautyacademytx.com\/wp-content\/uploads\/2025\/05\/logo-glam-color-2025.png","contentUrl":"https:\/\/glambeautyacademytx.com\/wp-content\/uploads\/2025\/05\/logo-glam-color-2025.png","width":2000,"height":882,"caption":"GLAM Beauty Academy"},"image":{"@id":"https:\/\/glambeautyacademytx.com\/#\/schema\/logo\/image\/"},"sameAs":["https:\/\/www.facebook.com\/GlamBeautyAcademyTX","https:\/\/www.tiktok.com\/@glambacademy_tx","https:\/\/www.instagram.com\/glambeautyacademy_tx\/"]},{"@type":"Person","@id":"https:\/\/glambeautyacademytx.com\/#\/schema\/person\/038bf22e90d7e00f8afbdf64a044a950","name":"GLAM Beauty Academy","image":{"@type":"ImageObject","inLanguage":"es","@id":"https:\/\/glambeautyacademytx.com\/wp-content\/litespeed\/avatar\/afd1271de98d41bda6dfb8f148e94e42.jpg?ver=1788459703","url":"https:\/\/glambeautyacademytx.com\/wp-content\/litespeed\/avatar\/afd1271de98d41bda6dfb8f148e94e42.jpg?ver=1788459703","contentUrl":"https:\/\/glambeautyacademytx.com\/wp-content\/litespeed\/avatar\/afd1271de98d41bda6dfb8f148e94e42.jpg?ver=1788459703","caption":"GLAM Beauty Academy"},"sameAs":["https:\/\/glambeautyacademytx.com"]}]}},"_links":{"self":[{"href":"https:\/\/glambeautyacademytx.com\/es\/wp-json\/wp\/v2\/posts\/6700","targetHints":{"allow":["GET"]}}],"collection":[{"href":"https:\/\/glambeautyacademytx.com\/es\/wp-json\/wp\/v2\/posts"}],"about":[{"href":"https:\/\/glambeautyacademytx.com\/es\/wp-json\/wp\/v2\/types\/post"}],"author":[{"embeddable":true,"href":"https:\/\/glambeautyacademytx.com\/es\/wp-json\/wp\/v2\/users\/2"}],"replies":[{"embeddable":true,"href":"https:\/\/glambeautyacademytx.com\/es\/wp-json\/wp\/v2\/comments?post=6700"}],"version-history":[{"count":1,"href":"https:\/\/glambeautyacademytx.com\/es\/wp-json\/wp\/v2\/posts\/6700\/revisions"}],"predecessor-version":[{"id":9062,"href":"https:\/\/glambeautyacademytx.com\/es\/wp-json\/wp\/v2\/posts\/6700\/revisions\/9062"}],"wp:featuredmedia":[{"embeddable":true,"href":"https:\/\/glambeautyacademytx.com\/es\/wp-json\/wp\/v2\/media\/6701"}],"wp:attachment":[{"href":"https:\/\/glambeautyacademytx.com\/es\/wp-json\/wp\/v2\/media?parent=6700"}],"wp:term":[{"taxonomy":"category","embeddable":true,"href":"https:\/\/glambeautyacademytx.com\/es\/wp-json\/wp\/v2\/categories?post=6700"},{"taxonomy":"post_tag","embeddable":true,"href":"https:\/\/glambeautyacademytx.com\/es\/wp-json\/wp\/v2\/tags?post=6700"}],"curies":[{"name":"wp","href":"https:\/\/api.w.org\/{rel}","templated":true}]}}