{"id":6668,"date":"2025-11-12T09:00:42","date_gmt":"2025-11-12T15:00:42","guid":{"rendered":"https:\/\/glambeautyacademytx.com\/nuevo-grupo-en-espanol-empieza-el-20-de-enero-en-glam-beauty-academy-tres-razones-para-inscribirte-hoy\/"},"modified":"2026-08-07T15:38:11","modified_gmt":"2026-08-07T20:38:11","slug":"nuevo-grupo-en-espanol-empieza-el-20-de-enero-en-glam-beauty-academy-tres-razones-para-inscribirte-hoy","status":"publish","type":"post","link":"https:\/\/glambeautyacademytx.com\/es\/nuevo-grupo-en-espanol-empieza-el-20-de-enero-en-glam-beauty-academy-tres-razones-para-inscribirte-hoy\/","title":{"rendered":"Nuevo grupo en espa\u00f1ol empieza el 20 de enero en GLAM Beauty Academy: tres razones para inscribirte hoy"},"content":{"rendered":"<p>\u00a1Atenci\u00f3n, futuros profesionales de la belleza! Si has estado esperando el momento perfecto para dar el primer paso hacia tu carrera, ese momento ha llegado. En <a href=\"https:\/\/glambeautyacademytx.com\/es\/\">GLAM Beauty Academy<\/a>, abrimos un <strong>nuevo grupo en espa\u00f1ol que comienza el 20 de enero<\/strong>, con nuestros programas principales:<\/p>\n<ul>\n<li><a href=\"https:\/\/glambeautyacademytx.com\/es\/programas\/operador-de-cosmetologia\/\">Operador de Cosmetolog\u00eda<\/a><\/li>\n<li><a href=\"https:\/\/glambeautyacademytx.com\/es\/programas\/estetica\/\">Est\u00e9tica Profesional<\/a><\/li>\n<li><a href=\"https:\/\/glambeautyacademytx.com\/es\/programas\/manicurista\/\">Manicurista profesional<\/a><\/li>\n<li><a href=\"https:\/\/glambeautyacademytx.com\/es\/programas\/extension-de-pestanas\/\">Especialista en extensiones de pesta\u00f1as<\/a><\/li>\n<\/ul>\n<p>Y lo mejor: clases 100% en espa\u00f1ol, en un ambiente de apoyo, con instructores con licencia y todo lo que necesitas para tener \u00e9xito en la industria de la belleza.<\/p>\n<h2>\u00bfPor qu\u00e9 este inicio del 20 de enero de 2026 es una gran oportunidad?<\/h2>\n<ul>\n<li><strong>1. Inicio organizado y sin esperas.<\/strong> Comenzar el 20 de enero significa que no tienes que esperar meses para iniciar: puedes integrarte a un grupo reci\u00e9n formado con compa\u00f1eros que comienzan al mismo tiempo, facilitando el apoyo mutuo y un aprendizaje coordinado. Adem\u00e1s, al tener una fecha de inicio programada, las clases, los materiales y los ejercicios pr\u00e1cticos ya est\u00e1n preparados.<\/li>\n<li><strong>2. Cuatro programas, m\u00faltiples caminos.<\/strong> Este nuevo grupo incluye los cuatro principales <a href=\"https:\/\/glambeautyacademytx.com\/es\/programas\/\">programas de formaci\u00f3n profesional<\/a> que ofrecemos: cosmetolog\u00eda, con corte, coloraci\u00f3n, peinado, est\u00e9tica capilar, u\u00f1as y cuidado de la piel; est\u00e9tica, con cuidado de la piel, tratamientos faciales, maquillaje, limpieza y tratamientos de spa; manicura profesional, con manicura, pedicura, nail art y decoraci\u00f3n de u\u00f1as; y finalmente, extensiones de pesta\u00f1as, con t\u00e9cnicas de pesta\u00f1as individuales, volumen, mantenimiento y dise\u00f1o de ojos.<\/li>\n<\/ul>\n<p>Puedes elegir el programa que mejor se adapte a tu pasi\u00f3n o incluso combinarlos, lo que te brinda flexibilidad para construir tu perfil profesional.<\/p>\n<ul>\n<li><strong>3. Clases en espa\u00f1ol para que aprendas sin barreras.<\/strong> Entendemos que aprender en tu propio idioma marca una gran diferencia. En este grupo, todas las clases ser\u00e1n en espa\u00f1ol (o en ingl\u00e9s, si est\u00e1s en Midland): teor\u00eda, pr\u00e1ctica, orientaci\u00f3n\u2026 para que puedas avanzar con confianza, sin depender de traducciones ni enfrentar barreras de idioma. Esto es ideal tanto si est\u00e1s comenzando desde cero como si ya tienes algo de experiencia pero necesitas formalizar tu carrera en Texas.<\/li>\n<\/ul>\n<h2>Detalles clave del inicio de los nuevos programas de belleza el 20 de enero de 2026<\/h2>\n<ul>\n<li><strong>Fecha de inicio:<\/strong> 20 de enero (m\u00e1rcalo en tu calendario)<\/li>\n<li><strong>Programas disponibles:<\/strong> Cosmetolog\u00eda, Est\u00e9tica, Manicura y Extensiones de pesta\u00f1as<\/li>\n<li><strong>Idioma del grupo:<\/strong> Espa\u00f1ol (habr\u00e1 grupos exclusivamente en ingl\u00e9s en la sede de Midland)<\/li>\n<li><strong>Ubicaci\u00f3n:<\/strong> GLAM Beauty Academy \u2013 <a href=\"https:\/\/glambeautyacademytx.com\/es\/odessa\/\">Odessa<\/a> y <a href=\"https:\/\/glambeautyacademytx.com\/es\/midland\/\">Midland<\/a> (consulta qu\u00e9 sede ofrece este programa)<\/li>\n<li><strong>Horario de clases:<\/strong> 9:00 a. m. a 2:30 p. m. y 3:00 p. m. a 8:00 p. m.<\/li>\n<li><strong>Cupos limitados:<\/strong> Para garantizar la calidad y una atenci\u00f3n personalizada, los espacios son limitados.<\/li>\n<li><strong>Inscripci\u00f3n:<\/strong> Completa <a href=\"https:\/\/glambeautyacademytx.com\/es\/proceso-de-admision\/\">este formulario<\/a>, asiste a la orientaci\u00f3n, realiza el examen de admisi\u00f3n (si corresponde) y reserva tu lugar.<\/li>\n<\/ul>\n<h2>\u00bfQu\u00e9 aprender\u00e1s y qu\u00e9 oportunidades profesionales tendr\u00e1s en Odessa y Midland?<\/h2>\n<p>En cada programa aprender\u00e1s:<\/p>\n<ul>\n<li>Teor\u00eda + pr\u00e1ctica supervisada<\/li>\n<li>Uso de herramientas profesionales reales<\/li>\n<li>Atenci\u00f3n al cliente, higiene, bioseguridad y regulaciones del estado de Texas<\/li>\n<li>T\u00e9cnicas actuales de la industria de la belleza<\/li>\n<li>Portafolio y experiencia \u201cen sal\u00f3n\u201d para que termines preparado para trabajar<\/li>\n<\/ul>\n<p>Oportunidades profesionales para ti:<\/p>\n<ul>\n<li>Trabajar en salones, spas y centros de belleza<\/li>\n<li>Iniciar tu propio negocio de belleza (cosm\u00e9tica, u\u00f1as, pesta\u00f1as)<\/li>\n<li>Formar parte de equipos de estilistas, maquillistas o t\u00e9cnicos de belleza<\/li>\n<li>Continuar especializ\u00e1ndote u obtener certificaciones en \u00e1reas avanzadas<\/li>\n<\/ul>\n<h2>\u00bfCu\u00e1nto cuesta este nuevo inicio de clases del 20 de enero de 2026 y qu\u00e9 incluye?<\/h2>\n<p>El costo exacto var\u00eda seg\u00fan el programa, pero como parte de este nuevo grupo, GLAM Beauty Academy te ofrece:<\/p>\n<ul>\n<li>Materiales y kits incluidos (uniformes, herramientas b\u00e1sicas)<\/li>\n<li>Asesor\u00eda personalizada<\/li>\n<li>Pr\u00e1ctica real con clientes<\/li>\n<li>Preparaci\u00f3n para obtener la licencia de conducir del estado de Texas<\/li>\n<li>Opciones de financiamiento y planes de pago (consulta por becas o descuentos)<\/li>\n<\/ul>\n<blockquote><p>Pregunta si existe alguna promoci\u00f3n de lanzamiento para este inicio del 20 de enero; en ocasiones se ofrecen descuentos o beneficios por inscribirse con anticipaci\u00f3n.<\/p><\/blockquote>\n<h2>C\u00f3mo asegurar hoy tu lugar para tus clases de belleza<\/h2>\n<ul>\n<li>Contacta a <a href=\"https:\/\/glambeautyacademytx.com\/es\/proceso-de-admision\/\">admisiones<\/a>: llama o env\u00eda un mensaje por WhatsApp para programar la orientaci\u00f3n.<\/li>\n<li>Completa tu <a href=\"https:\/\/glambeautyacademytx.com\/es\/proceso-de-admision\/\">formulario de inscripci\u00f3n<\/a> y entrega la documentaci\u00f3n requerida.<\/li>\n<li>Realiza tu pago o firma el plan de financiamiento antes de la fecha l\u00edmite.<\/li>\n<li>Asiste a la sesi\u00f3n de bienvenida el 20 de enero y recibe tu kit escolar.<\/li>\n<li>Comienza tus clases con motivaci\u00f3n y compromiso.<\/li>\n<\/ul>\n<h2>Preguntas frecuentes que te ayudar\u00e1n a inscribirte en nuestros programas de belleza<\/h2>\n<h3>\u00bfNecesito experiencia previa para inscribirme?<\/h3>\n<p>No.<\/p>\n<h3>\u00bfPuedo trabajar mientras estudio?<\/h3>\n<p>S\u00ed, dependiendo del horario de clases y de tu disponibilidad. Consulta las opciones de clases nocturnas o de fin de semana.<\/p>\n<h3>\u00bfEsta oferta es \u00fanicamente en espa\u00f1ol?<\/h3>\n<p>S\u00ed. Este grupo, que comienza el 20 de enero, ser\u00e1 impartido en espa\u00f1ol. Si prefieres clases en ingl\u00e9s, consulta las dem\u00e1s opciones disponibles.<\/p>\n<h3>\u00bfQu\u00e9 sucede despu\u00e9s de completar el programa?<\/h3>\n<p>Despu\u00e9s de completar las horas requeridas y aprobar los ex\u00e1menes correspondientes del estado de Texas, podr\u00e1s obtener tu licencia y comenzar a trabajar o iniciar tu propio negocio.<\/p>\n<h3>\u00bfPor qu\u00e9 elegir GLAM Beauty Academy?<\/h3>\n<p>Porque en GLAM Beauty Academy tienes clases en espa\u00f1ol, programas completos, financiamiento accesible, instructores con licencia y sedes en Odessa y Midland para adaptarse a tu vida.<\/p>\n<h3>\u00a1Te esperamos en Odessa y Midland!<\/h3>\n<p>La fecha est\u00e1 establecida: 20 de enero. Esta es tu oportunidad para comenzar de nuevo, formarte en espa\u00f1ol, adquirir habilidades reales e ingresar al mundo profesional de la belleza. No te quedes fuera: los cupos son limitados y el momento es ahora. \u00a1Inscr\u00edbete hoy en <a href=\"https:\/\/glambeautyacademytx.com\/es\/\">GLAM Beauty Academy<\/a> y asegura tu lugar en el grupo que comienza el 20 de enero! Convierte tu pasi\u00f3n en una profesi\u00f3n. Porque la belleza tambi\u00e9n es tu camino.o.<\/p>\n","protected":false},"excerpt":{"rendered":"<p>\u00a1Atenci\u00f3n, futuros profesionales de la belleza! Si has estado esperando&hellip;<\/p>\n","protected":false},"author":2,"featured_media":6669,"comment_status":"closed","ping_status":"open","sticky":false,"template":"","format":"standard","meta":{"_joinchat":[],"footnotes":""},"categories":[18],"tags":[],"class_list":["post-6668","post","type-post","status-publish","format-standard","has-post-thumbnail","hentry","category-actualidad"],"yoast_head":"<!-- This site is optimized with the Yoast SEO plugin v28.4 - https:\/\/yoast.com\/product\/yoast-seo-wordpress\/ -->\n<title>GLAM Beauty Academy: \u00a1Clases de belleza 2026 y en espa\u00f1ol!<\/title>\n<meta name=\"description\" content=\"En GLAM Beauty Academy abriremos un nuevo grupo en espa\u00f1ol que inicia el 20 de enero, con los programas estrella:\" \/>\n<meta name=\"robots\" content=\"index, follow, max-snippet:-1, max-image-preview:large, max-video-preview:-1\" \/>\n<link rel=\"canonical\" href=\"https:\/\/glambeautyacademytx.com\/es\/nuevo-grupo-en-espanol-empieza-el-20-de-enero-en-glam-beauty-academy-tres-razones-para-inscribirte-hoy\/\" \/>\n<meta property=\"og:locale\" content=\"es_ES\" \/>\n<meta property=\"og:type\" content=\"article\" \/>\n<meta property=\"og:title\" content=\"GLAM Beauty Academy: \u00a1Clases de belleza 2026 y en espa\u00f1ol!\" \/>\n<meta property=\"og:description\" content=\"En GLAM Beauty Academy abriremos un nuevo grupo en espa\u00f1ol que inicia el 20 de enero, con los programas estrella:\" \/>\n<meta property=\"og:url\" content=\"https:\/\/glambeautyacademytx.com\/es\/nuevo-grupo-en-espanol-empieza-el-20-de-enero-en-glam-beauty-academy-tres-razones-para-inscribirte-hoy\/\" \/>\n<meta property=\"og:site_name\" content=\"GLAM Beauty Academy\" \/>\n<meta property=\"article:publisher\" content=\"https:\/\/www.facebook.com\/GlamBeautyAcademyTX\" \/>\n<meta property=\"article:published_time\" content=\"2025-11-12T15:00:42+00:00\" \/>\n<meta property=\"article:modified_time\" content=\"2026-08-07T20:38:11+00:00\" \/>\n<meta property=\"og:image\" content=\"https:\/\/glambeautyacademytx.com\/wp-content\/uploads\/2025\/11\/Nuevo-grupo-en-espanol-empieza-el-20-de-enero-en-GLAM-Beauty-Academy.jpg\" \/>\n\t<meta property=\"og:image:width\" content=\"1200\" \/>\n\t<meta property=\"og:image:height\" content=\"675\" \/>\n\t<meta property=\"og:image:type\" content=\"image\/jpeg\" \/>\n<meta name=\"author\" content=\"GLAM Beauty Academy\" \/>\n<meta name=\"twitter:card\" content=\"summary_large_image\" \/>\n<meta name=\"twitter:label1\" content=\"Escrito por\" \/>\n\t<meta name=\"twitter:data1\" content=\"GLAM Beauty Academy\" \/>\n\t<meta name=\"twitter:label2\" content=\"Tiempo de lectura\" \/>\n\t<meta name=\"twitter:data2\" content=\"5 minutos\" \/>\n<script type=\"application\/ld+json\" class=\"yoast-schema-graph\">{\"@context\":\"https:\\\/\\\/schema.org\",\"@graph\":[{\"@type\":\"Article\",\"@id\":\"https:\\\/\\\/glambeautyacademytx.com\\\/es\\\/nuevo-grupo-en-espanol-empieza-el-20-de-enero-en-glam-beauty-academy-tres-razones-para-inscribirte-hoy\\\/#article\",\"isPartOf\":{\"@id\":\"https:\\\/\\\/glambeautyacademytx.com\\\/es\\\/nuevo-grupo-en-espanol-empieza-el-20-de-enero-en-glam-beauty-academy-tres-razones-para-inscribirte-hoy\\\/\"},\"author\":{\"name\":\"GLAM Beauty Academy\",\"@id\":\"https:\\\/\\\/glambeautyacademytx.com\\\/#\\\/schema\\\/person\\\/038bf22e90d7e00f8afbdf64a044a950\"},\"headline\":\"Nuevo grupo en espa\u00f1ol empieza el 20 de enero en GLAM Beauty Academy: tres razones para inscribirte hoy\",\"datePublished\":\"2025-11-12T15:00:42+00:00\",\"dateModified\":\"2026-08-07T20:38:11+00:00\",\"mainEntityOfPage\":{\"@id\":\"https:\\\/\\\/glambeautyacademytx.com\\\/es\\\/nuevo-grupo-en-espanol-empieza-el-20-de-enero-en-glam-beauty-academy-tres-razones-para-inscribirte-hoy\\\/\"},\"wordCount\":1014,\"publisher\":{\"@id\":\"https:\\\/\\\/glambeautyacademytx.com\\\/#organization\"},\"image\":{\"@id\":\"https:\\\/\\\/glambeautyacademytx.com\\\/es\\\/nuevo-grupo-en-espanol-empieza-el-20-de-enero-en-glam-beauty-academy-tres-razones-para-inscribirte-hoy\\\/#primaryimage\"},\"thumbnailUrl\":\"https:\\\/\\\/glambeautyacademytx.com\\\/wp-content\\\/uploads\\\/2025\\\/11\\\/Nuevo-grupo-en-espanol-empieza-el-20-de-enero-en-GLAM-Beauty-Academy.jpg\",\"articleSection\":[\"Present\"],\"inLanguage\":\"es\"},{\"@type\":\"WebPage\",\"@id\":\"https:\\\/\\\/glambeautyacademytx.com\\\/es\\\/nuevo-grupo-en-espanol-empieza-el-20-de-enero-en-glam-beauty-academy-tres-razones-para-inscribirte-hoy\\\/\",\"url\":\"https:\\\/\\\/glambeautyacademytx.com\\\/es\\\/nuevo-grupo-en-espanol-empieza-el-20-de-enero-en-glam-beauty-academy-tres-razones-para-inscribirte-hoy\\\/\",\"name\":\"GLAM Beauty Academy: \u00a1Clases de belleza 2026 y en espa\u00f1ol!\",\"isPartOf\":{\"@id\":\"https:\\\/\\\/glambeautyacademytx.com\\\/#website\"},\"primaryImageOfPage\":{\"@id\":\"https:\\\/\\\/glambeautyacademytx.com\\\/es\\\/nuevo-grupo-en-espanol-empieza-el-20-de-enero-en-glam-beauty-academy-tres-razones-para-inscribirte-hoy\\\/#primaryimage\"},\"image\":{\"@id\":\"https:\\\/\\\/glambeautyacademytx.com\\\/es\\\/nuevo-grupo-en-espanol-empieza-el-20-de-enero-en-glam-beauty-academy-tres-razones-para-inscribirte-hoy\\\/#primaryimage\"},\"thumbnailUrl\":\"https:\\\/\\\/glambeautyacademytx.com\\\/wp-content\\\/uploads\\\/2025\\\/11\\\/Nuevo-grupo-en-espanol-empieza-el-20-de-enero-en-GLAM-Beauty-Academy.jpg\",\"datePublished\":\"2025-11-12T15:00:42+00:00\",\"dateModified\":\"2026-08-07T20:38:11+00:00\",\"description\":\"En GLAM Beauty Academy abriremos un nuevo grupo en espa\u00f1ol que inicia el 20 de enero, con los programas estrella:\",\"breadcrumb\":{\"@id\":\"https:\\\/\\\/glambeautyacademytx.com\\\/es\\\/nuevo-grupo-en-espanol-empieza-el-20-de-enero-en-glam-beauty-academy-tres-razones-para-inscribirte-hoy\\\/#breadcrumb\"},\"inLanguage\":\"es\",\"potentialAction\":[{\"@type\":\"ReadAction\",\"target\":[\"https:\\\/\\\/glambeautyacademytx.com\\\/es\\\/nuevo-grupo-en-espanol-empieza-el-20-de-enero-en-glam-beauty-academy-tres-razones-para-inscribirte-hoy\\\/\"]}]},{\"@type\":\"ImageObject\",\"inLanguage\":\"es\",\"@id\":\"https:\\\/\\\/glambeautyacademytx.com\\\/es\\\/nuevo-grupo-en-espanol-empieza-el-20-de-enero-en-glam-beauty-academy-tres-razones-para-inscribirte-hoy\\\/#primaryimage\",\"url\":\"https:\\\/\\\/glambeautyacademytx.com\\\/wp-content\\\/uploads\\\/2025\\\/11\\\/Nuevo-grupo-en-espanol-empieza-el-20-de-enero-en-GLAM-Beauty-Academy.jpg\",\"contentUrl\":\"https:\\\/\\\/glambeautyacademytx.com\\\/wp-content\\\/uploads\\\/2025\\\/11\\\/Nuevo-grupo-en-espanol-empieza-el-20-de-enero-en-GLAM-Beauty-Academy.jpg\",\"width\":1200,\"height\":675,\"caption\":\"Nuevo grupo de enero en GLAM Beauty Academy\"},{\"@type\":\"BreadcrumbList\",\"@id\":\"https:\\\/\\\/glambeautyacademytx.com\\\/es\\\/nuevo-grupo-en-espanol-empieza-el-20-de-enero-en-glam-beauty-academy-tres-razones-para-inscribirte-hoy\\\/#breadcrumb\",\"itemListElement\":[{\"@type\":\"ListItem\",\"position\":1,\"name\":\"Inicio\",\"item\":\"https:\\\/\\\/glambeautyacademytx.com\\\/es\\\/\"},{\"@type\":\"ListItem\",\"position\":2,\"name\":\"Nuevo grupo en espa\u00f1ol empieza el 20 de enero en GLAM Beauty Academy: tres razones para inscribirte hoy\"}]},{\"@type\":\"WebSite\",\"@id\":\"https:\\\/\\\/glambeautyacademytx.com\\\/#website\",\"url\":\"https:\\\/\\\/glambeautyacademytx.com\\\/\",\"name\":\"GLAM Beauty Academy\",\"description\":\"Academia de belleza en West Texas\",\"publisher\":{\"@id\":\"https:\\\/\\\/glambeautyacademytx.com\\\/#organization\"},\"alternateName\":\"GLAM Beauty Academy\",\"potentialAction\":[{\"@type\":\"SearchAction\",\"target\":{\"@type\":\"EntryPoint\",\"urlTemplate\":\"https:\\\/\\\/glambeautyacademytx.com\\\/?s={search_term_string}\"},\"query-input\":{\"@type\":\"PropertyValueSpecification\",\"valueRequired\":true,\"valueName\":\"search_term_string\"}}],\"inLanguage\":\"es\"},{\"@type\":\"Organization\",\"@id\":\"https:\\\/\\\/glambeautyacademytx.com\\\/#organization\",\"name\":\"GLAM Beauty Academy\",\"alternateName\":\"GLAM Beauty Academy\",\"url\":\"https:\\\/\\\/glambeautyacademytx.com\\\/\",\"logo\":{\"@type\":\"ImageObject\",\"inLanguage\":\"es\",\"@id\":\"https:\\\/\\\/glambeautyacademytx.com\\\/#\\\/schema\\\/logo\\\/image\\\/\",\"url\":\"https:\\\/\\\/glambeautyacademytx.com\\\/wp-content\\\/uploads\\\/2025\\\/05\\\/logo-glam-color-2025.png\",\"contentUrl\":\"https:\\\/\\\/glambeautyacademytx.com\\\/wp-content\\\/uploads\\\/2025\\\/05\\\/logo-glam-color-2025.png\",\"width\":2000,\"height\":882,\"caption\":\"GLAM Beauty Academy\"},\"image\":{\"@id\":\"https:\\\/\\\/glambeautyacademytx.com\\\/#\\\/schema\\\/logo\\\/image\\\/\"},\"sameAs\":[\"https:\\\/\\\/www.facebook.com\\\/GlamBeautyAcademyTX\",\"https:\\\/\\\/www.tiktok.com\\\/@glambacademy_tx\",\"https:\\\/\\\/www.instagram.com\\\/glambeautyacademy_tx\\\/\"]},{\"@type\":\"Person\",\"@id\":\"https:\\\/\\\/glambeautyacademytx.com\\\/#\\\/schema\\\/person\\\/038bf22e90d7e00f8afbdf64a044a950\",\"name\":\"GLAM Beauty Academy\",\"image\":{\"@type\":\"ImageObject\",\"inLanguage\":\"es\",\"@id\":\"https:\\\/\\\/glambeautyacademytx.com\\\/wp-content\\\/litespeed\\\/avatar\\\/afd1271de98d41bda6dfb8f148e94e42.jpg?ver=1788459703\",\"url\":\"https:\\\/\\\/glambeautyacademytx.com\\\/wp-content\\\/litespeed\\\/avatar\\\/afd1271de98d41bda6dfb8f148e94e42.jpg?ver=1788459703\",\"contentUrl\":\"https:\\\/\\\/glambeautyacademytx.com\\\/wp-content\\\/litespeed\\\/avatar\\\/afd1271de98d41bda6dfb8f148e94e42.jpg?ver=1788459703\",\"caption\":\"GLAM Beauty Academy\"},\"sameAs\":[\"https:\\\/\\\/glambeautyacademytx.com\"]}]}<\/script>\n<!-- \/ Yoast SEO plugin. -->","yoast_head_json":{"title":"GLAM Beauty Academy: \u00a1Clases de belleza 2026 y en espa\u00f1ol!","description":"En GLAM Beauty Academy abriremos un nuevo grupo en espa\u00f1ol que inicia el 20 de enero, con los programas estrella:","robots":{"index":"index","follow":"follow","max-snippet":"max-snippet:-1","max-image-preview":"max-image-preview:large","max-video-preview":"max-video-preview:-1"},"canonical":"https:\/\/glambeautyacademytx.com\/es\/nuevo-grupo-en-espanol-empieza-el-20-de-enero-en-glam-beauty-academy-tres-razones-para-inscribirte-hoy\/","og_locale":"es_ES","og_type":"article","og_title":"GLAM Beauty Academy: \u00a1Clases de belleza 2026 y en espa\u00f1ol!","og_description":"En GLAM Beauty Academy abriremos un nuevo grupo en espa\u00f1ol que inicia el 20 de enero, con los programas estrella:","og_url":"https:\/\/glambeautyacademytx.com\/es\/nuevo-grupo-en-espanol-empieza-el-20-de-enero-en-glam-beauty-academy-tres-razones-para-inscribirte-hoy\/","og_site_name":"GLAM Beauty Academy","article_publisher":"https:\/\/www.facebook.com\/GlamBeautyAcademyTX","article_published_time":"2025-11-12T15:00:42+00:00","article_modified_time":"2026-08-07T20:38:11+00:00","og_image":[{"width":1200,"height":675,"url":"https:\/\/glambeautyacademytx.com\/wp-content\/uploads\/2025\/11\/Nuevo-grupo-en-espanol-empieza-el-20-de-enero-en-GLAM-Beauty-Academy.jpg","type":"image\/jpeg"}],"author":"GLAM Beauty Academy","twitter_card":"summary_large_image","twitter_misc":{"Escrito por":"GLAM Beauty Academy","Tiempo de lectura":"5 minutos"},"schema":{"@context":"https:\/\/schema.org","@graph":[{"@type":"Article","@id":"https:\/\/glambeautyacademytx.com\/es\/nuevo-grupo-en-espanol-empieza-el-20-de-enero-en-glam-beauty-academy-tres-razones-para-inscribirte-hoy\/#article","isPartOf":{"@id":"https:\/\/glambeautyacademytx.com\/es\/nuevo-grupo-en-espanol-empieza-el-20-de-enero-en-glam-beauty-academy-tres-razones-para-inscribirte-hoy\/"},"author":{"name":"GLAM Beauty Academy","@id":"https:\/\/glambeautyacademytx.com\/#\/schema\/person\/038bf22e90d7e00f8afbdf64a044a950"},"headline":"Nuevo grupo en espa\u00f1ol empieza el 20 de enero en GLAM Beauty Academy: tres razones para inscribirte hoy","datePublished":"2025-11-12T15:00:42+00:00","dateModified":"2026-08-07T20:38:11+00:00","mainEntityOfPage":{"@id":"https:\/\/glambeautyacademytx.com\/es\/nuevo-grupo-en-espanol-empieza-el-20-de-enero-en-glam-beauty-academy-tres-razones-para-inscribirte-hoy\/"},"wordCount":1014,"publisher":{"@id":"https:\/\/glambeautyacademytx.com\/#organization"},"image":{"@id":"https:\/\/glambeautyacademytx.com\/es\/nuevo-grupo-en-espanol-empieza-el-20-de-enero-en-glam-beauty-academy-tres-razones-para-inscribirte-hoy\/#primaryimage"},"thumbnailUrl":"https:\/\/glambeautyacademytx.com\/wp-content\/uploads\/2025\/11\/Nuevo-grupo-en-espanol-empieza-el-20-de-enero-en-GLAM-Beauty-Academy.jpg","articleSection":["Present"],"inLanguage":"es"},{"@type":"WebPage","@id":"https:\/\/glambeautyacademytx.com\/es\/nuevo-grupo-en-espanol-empieza-el-20-de-enero-en-glam-beauty-academy-tres-razones-para-inscribirte-hoy\/","url":"https:\/\/glambeautyacademytx.com\/es\/nuevo-grupo-en-espanol-empieza-el-20-de-enero-en-glam-beauty-academy-tres-razones-para-inscribirte-hoy\/","name":"GLAM Beauty Academy: \u00a1Clases de belleza 2026 y en espa\u00f1ol!","isPartOf":{"@id":"https:\/\/glambeautyacademytx.com\/#website"},"primaryImageOfPage":{"@id":"https:\/\/glambeautyacademytx.com\/es\/nuevo-grupo-en-espanol-empieza-el-20-de-enero-en-glam-beauty-academy-tres-razones-para-inscribirte-hoy\/#primaryimage"},"image":{"@id":"https:\/\/glambeautyacademytx.com\/es\/nuevo-grupo-en-espanol-empieza-el-20-de-enero-en-glam-beauty-academy-tres-razones-para-inscribirte-hoy\/#primaryimage"},"thumbnailUrl":"https:\/\/glambeautyacademytx.com\/wp-content\/uploads\/2025\/11\/Nuevo-grupo-en-espanol-empieza-el-20-de-enero-en-GLAM-Beauty-Academy.jpg","datePublished":"2025-11-12T15:00:42+00:00","dateModified":"2026-08-07T20:38:11+00:00","description":"En GLAM Beauty Academy abriremos un nuevo grupo en espa\u00f1ol que inicia el 20 de enero, con los programas estrella:","breadcrumb":{"@id":"https:\/\/glambeautyacademytx.com\/es\/nuevo-grupo-en-espanol-empieza-el-20-de-enero-en-glam-beauty-academy-tres-razones-para-inscribirte-hoy\/#breadcrumb"},"inLanguage":"es","potentialAction":[{"@type":"ReadAction","target":["https:\/\/glambeautyacademytx.com\/es\/nuevo-grupo-en-espanol-empieza-el-20-de-enero-en-glam-beauty-academy-tres-razones-para-inscribirte-hoy\/"]}]},{"@type":"ImageObject","inLanguage":"es","@id":"https:\/\/glambeautyacademytx.com\/es\/nuevo-grupo-en-espanol-empieza-el-20-de-enero-en-glam-beauty-academy-tres-razones-para-inscribirte-hoy\/#primaryimage","url":"https:\/\/glambeautyacademytx.com\/wp-content\/uploads\/2025\/11\/Nuevo-grupo-en-espanol-empieza-el-20-de-enero-en-GLAM-Beauty-Academy.jpg","contentUrl":"https:\/\/glambeautyacademytx.com\/wp-content\/uploads\/2025\/11\/Nuevo-grupo-en-espanol-empieza-el-20-de-enero-en-GLAM-Beauty-Academy.jpg","width":1200,"height":675,"caption":"Nuevo grupo de enero en GLAM Beauty Academy"},{"@type":"BreadcrumbList","@id":"https:\/\/glambeautyacademytx.com\/es\/nuevo-grupo-en-espanol-empieza-el-20-de-enero-en-glam-beauty-academy-tres-razones-para-inscribirte-hoy\/#breadcrumb","itemListElement":[{"@type":"ListItem","position":1,"name":"Inicio","item":"https:\/\/glambeautyacademytx.com\/es\/"},{"@type":"ListItem","position":2,"name":"Nuevo grupo en espa\u00f1ol empieza el 20 de enero en GLAM Beauty Academy: tres razones para inscribirte hoy"}]},{"@type":"WebSite","@id":"https:\/\/glambeautyacademytx.com\/#website","url":"https:\/\/glambeautyacademytx.com\/","name":"GLAM Beauty Academy","description":"Academia de belleza en West Texas","publisher":{"@id":"https:\/\/glambeautyacademytx.com\/#organization"},"alternateName":"GLAM Beauty Academy","potentialAction":[{"@type":"SearchAction","target":{"@type":"EntryPoint","urlTemplate":"https:\/\/glambeautyacademytx.com\/?s={search_term_string}"},"query-input":{"@type":"PropertyValueSpecification","valueRequired":true,"valueName":"search_term_string"}}],"inLanguage":"es"},{"@type":"Organization","@id":"https:\/\/glambeautyacademytx.com\/#organization","name":"GLAM Beauty Academy","alternateName":"GLAM Beauty Academy","url":"https:\/\/glambeautyacademytx.com\/","logo":{"@type":"ImageObject","inLanguage":"es","@id":"https:\/\/glambeautyacademytx.com\/#\/schema\/logo\/image\/","url":"https:\/\/glambeautyacademytx.com\/wp-content\/uploads\/2025\/05\/logo-glam-color-2025.png","contentUrl":"https:\/\/glambeautyacademytx.com\/wp-content\/uploads\/2025\/05\/logo-glam-color-2025.png","width":2000,"height":882,"caption":"GLAM Beauty Academy"},"image":{"@id":"https:\/\/glambeautyacademytx.com\/#\/schema\/logo\/image\/"},"sameAs":["https:\/\/www.facebook.com\/GlamBeautyAcademyTX","https:\/\/www.tiktok.com\/@glambacademy_tx","https:\/\/www.instagram.com\/glambeautyacademy_tx\/"]},{"@type":"Person","@id":"https:\/\/glambeautyacademytx.com\/#\/schema\/person\/038bf22e90d7e00f8afbdf64a044a950","name":"GLAM Beauty Academy","image":{"@type":"ImageObject","inLanguage":"es","@id":"https:\/\/glambeautyacademytx.com\/wp-content\/litespeed\/avatar\/afd1271de98d41bda6dfb8f148e94e42.jpg?ver=1788459703","url":"https:\/\/glambeautyacademytx.com\/wp-content\/litespeed\/avatar\/afd1271de98d41bda6dfb8f148e94e42.jpg?ver=1788459703","contentUrl":"https:\/\/glambeautyacademytx.com\/wp-content\/litespeed\/avatar\/afd1271de98d41bda6dfb8f148e94e42.jpg?ver=1788459703","caption":"GLAM Beauty Academy"},"sameAs":["https:\/\/glambeautyacademytx.com"]}]}},"_links":{"self":[{"href":"https:\/\/glambeautyacademytx.com\/es\/wp-json\/wp\/v2\/posts\/6668","targetHints":{"allow":["GET"]}}],"collection":[{"href":"https:\/\/glambeautyacademytx.com\/es\/wp-json\/wp\/v2\/posts"}],"about":[{"href":"https:\/\/glambeautyacademytx.com\/es\/wp-json\/wp\/v2\/types\/post"}],"author":[{"embeddable":true,"href":"https:\/\/glambeautyacademytx.com\/es\/wp-json\/wp\/v2\/users\/2"}],"replies":[{"embeddable":true,"href":"https:\/\/glambeautyacademytx.com\/es\/wp-json\/wp\/v2\/comments?post=6668"}],"version-history":[{"count":1,"href":"https:\/\/glambeautyacademytx.com\/es\/wp-json\/wp\/v2\/posts\/6668\/revisions"}],"predecessor-version":[{"id":9088,"href":"https:\/\/glambeautyacademytx.com\/es\/wp-json\/wp\/v2\/posts\/6668\/revisions\/9088"}],"wp:featuredmedia":[{"embeddable":true,"href":"https:\/\/glambeautyacademytx.com\/es\/wp-json\/wp\/v2\/media\/6669"}],"wp:attachment":[{"href":"https:\/\/glambeautyacademytx.com\/es\/wp-json\/wp\/v2\/media?parent=6668"}],"wp:term":[{"taxonomy":"category","embeddable":true,"href":"https:\/\/glambeautyacademytx.com\/es\/wp-json\/wp\/v2\/categories?post=6668"},{"taxonomy":"post_tag","embeddable":true,"href":"https:\/\/glambeautyacademytx.com\/es\/wp-json\/wp\/v2\/tags?post=6668"}],"curies":[{"name":"wp","href":"https:\/\/api.w.org\/{rel}","templated":true}]}}